{"id":7188,"date":"2024-03-08T08:00:00","date_gmt":"2024-03-08T13:00:00","guid":{"rendered":"https:\/\/fondationlisewatier.com\/?p=7188"},"modified":"2024-03-05T09:21:02","modified_gmt":"2024-03-05T14:21:02","slug":"the-foundation-launches-the-believe-in-her-2024-campaign","status":"publish","type":"post","link":"https:\/\/fondationlisewatier.com\/en\/the-foundation-launches-the-believe-in-her-2024-campaign\/","title":{"rendered":"The Foundation launches the Believe in her 2024 campaign"},"content":{"rendered":"\n<h2 class=\"wp-block-heading\">For International Women\u2019s Day, the Lise Watier Foundation launches the 3nd edition of the Believe in her campaign\u00a0<\/h2>\n\n\n\n<p><strong>Montreal, March 8, 2024<\/strong> &#8211; To mark International Women&#8217;s Day, the Lise Watier Foundation is launching the third edition of its iconic Believe in her campaign, which involves 26 ambassadors from the Quebec and Toronto business communities to bring the Let&#8217;s Start Up Program to more women. Most of them have benefited from some form of support at one time or another in their careers, and together they are committed to mobilizing their networks and the public to give back by raising the sum of $125,000.\u00a0<\/p>\n\n\n\n<h4 class=\"wp-block-heading\">A movement of solidarity\u00a0<\/h4>\n\n\n\n<p>At a time when nearly 50% of working women in Canada earn less than $30,000 a year*, the Let&#8217;s Start Up Program is a relevant lever to help women living in a situation of economic, social or professional vulnerability to achieve sustainable financial independence.\u00a0<\/p>\n\n\n\n<p>\u201cWhen geese fly, they move in a V formation. This way, they move faster and face the bad weather. They take turns to lead the flock and make sure that they always support those who are injured or sick. They help each other to reach their goal. This solidarity inspired the Let\u2019s Start Up program, because we believe that we too are stronger together,\u201d says Lise Watier, founder of the Lise Watier Foundation.\u00a0<\/p>\n\n\n\n<p>Since 2017, this innovative professional development program has supported nearly 1,000 women, and a growing number of women aspire to benefit from this opportunity.<\/p>\n\n\n\n<h4 class=\"wp-block-heading\">Leaders were inspired&nbsp;<\/h4>\n\n\n\n<p>Touched by the cause and Ms. Watier\u2019s vision of solidarity, the ambassadors quickly answered the call. Here they are:\u00a0<\/p>\n\n\n\n<ol class=\"wp-block-list\">\n<li>Mart\u00efne Auger, McDonald&#8217;s Franchisee, President, Ronald McDonald House Qu\u00e9bec city<\/li>\n\n\n\n<li>Audrey Beauchemin, CPA-CA, MBA, Manager, Major Accounts, BDC\u00a0<\/li>\n\n\n\n<li>Magaly Charbonneau, Partner, Inovia Capital\u00a0<\/li>\n\n\n\n<li>Amy Dietz-Graham, Senior Wealth Advisor &amp; Portfolio Manager, National Bank Financial&nbsp;<\/li>\n\n\n\n<li>Tania D\u2019Iorio, Manager \u2013 Practice Management, National Bank Financial&nbsp;<\/li>\n\n\n\n<li>Chantal Durivage, EVP Creative Affairs &amp; Founder, M.A.D COLLECTIF\u00a0<\/li>\n\n\n\n<li>Karine Fournier, Partner, Fasken\u00a0<\/li>\n\n\n\n<li>Audrey Gagnon, Partner, Fasken\u00a0<\/li>\n\n\n\n<li>Alison Glober, B. Com, MA, ICD.D Partner, Advisory Services, KPMG Canada&nbsp;<\/li>\n\n\n\n<li>Sergina Gu\u00e9ry, Presidente &amp; Founder,\u202fEvenemenCiel Agency<\/li>\n\n\n\n<li>Dominique Hamel, Leader, Audit, Quebec Region, and Audit Partner, KPMG\u00a0<\/li>\n\n\n\n<li>Dominique Laflamme, General Manager, Lab-\u00c9cole\u00a0<\/li>\n\n\n\n<li>St\u00e9phanie Lagass\u00e9, President &amp; Founder, Agence Brix\u00a0<\/li>\n\n\n\n<li>Isabelle Lamarre, Regional General Counsel for Americas, Electrification, ABB Inc.\u00a0<\/li>\n\n\n\n<li>Marie-Pier Lauzon-Laprise, CPA, Executive Director, KPMG\u00a0<\/li>\n\n\n\n<li>Liu-Anne Lemieux-Rousseau, Digital Marketing Manager, Familiprix\u00a0<\/li>\n\n\n\n<li>Sophie Lessard Berger, Partner, Fasken\u00a0<\/li>\n\n\n\n<li>Natalie Motyka, CFA, Wealth Advisor, National Bank Financial&nbsp;<\/li>\n\n\n\n<li>Anne-Pierre Paquet, PCC, M.Sc., Business Coach, Complicia\u00a0<\/li>\n\n\n\n<li>Caroline Pelletier, Vice President of Investment, Anges Qu\u00e9bec\u00a0<\/li>\n\n\n\n<li>Jennifer Plenert, Vice President, Regional Manager, National Bank Financial&nbsp;<\/li>\n\n\n\n<li>Liane Tabah, 360 Account Director, Quebecor Media&nbsp;<\/li>\n\n\n\n<li>Caroline Th\u00e9l\u00e9maque, President, Groupe GAZELLES \/ Founder, Club Les GAZELLES\u00a0<\/li>\n\n\n\n<li>Marie-Claude Trudeau, President, MCT Strat\u00e9gie\u00a0<\/li>\n\n\n\n<li>Elsa Vilarinho, Director, Global Brand Strategy, Can-Am, BRP &amp; GBO<\/li>\n\n\n\n<li>Kimberly Wood, Wealth Advisor, National Bank Financial\u00a0<\/li>\n<\/ol>\n\n\n\n<h4 class=\"wp-block-heading\">An encouragement that pays off&nbsp;<\/h4>\n\n\n\n<p>The Let\u2019s Start Up participants have lived through situations of vulnerability and are now putting all their efforts into finding the path to financial independence. <strong>La Vie en Rose <\/strong>and the Lise Watier Foundation invite the public to write them a word of encouragement on\u00a0<a href=\"https:\/\/fondationlisewatier.com\/en\/support-the-foundation\/believe-in-her\/encouraging-messages\/\" target=\"_blank\" rel=\"noreferrer noopener\">https:\/\/fondationlisewatier.com\/en\/support-the-foundation\/believe-in-her\/encouraging-messages\/<\/a>\u00a0<\/p>\n\n\n\n<p>For each message of encouragement, <strong>la Vie en Rose<\/strong> will donate $5 to the Lise Watier Foundation, up to a maximum of $10,000.<\/p>\n\n\n\n<p style=\"font-size:10px\">*<strong> <\/strong><a href=\"https:\/\/www150.statcan.gc.ca\/t1\/tbl1\/fr\/tv.action?pid=1110024001&amp;pickMembers%5B0%5D=1.1&amp;pickMembers%5B1%5D=2.3&amp;pickMembers%5B2%5D=3.1&amp;cubeTimeFrame.startYear=2017&amp;cubeTimeFrame.endYear=2021&amp;referencePeriods=20170101%2C20210101\" target=\"_blank\" rel=\"noreferrer noopener\">Statistique Canada (2021). Tableau 11-10-0240-01 R\u00e9partition du revenu d\u2019emploi des particuliers selon le sexe et le r\u00e9gime de travail, Canada, provinces et certaines r\u00e9gions m\u00e9tropolitaines de recensement.<\/a>&nbsp;&nbsp;<\/p>\n","protected":false},"excerpt":{"rendered":"<p>For International Women\u2019s Day, the Lise Watier Foundation launches the 3nd edition of the Believe in her campaign\u00a0 Montreal, March 8, 2024 &#8211; To mark International Women&#8217;s Day, the Lise Watier Foundation is launching the third edition of its iconic Believe in her campaign, which involves 26 ambassadors from the Quebec and Toronto business communities <a class=\"read_more\" href=\"https:\/\/fondationlisewatier.com\/en\/the-foundation-launches-the-believe-in-her-2024-campaign\/\">&#8230;<\/a><\/p>\n","protected":false},"author":7,"featured_media":4782,"comment_status":"closed","ping_status":"closed","sticky":false,"template":"","format":"standard","meta":{"_acf_changed":false,"inline_featured_image":false,"footnotes":""},"categories":[24,20],"tags":[],"class_list":["post-7188","post","type-post","status-publish","format-standard","has-post-thumbnail","hentry","category-a-la-une-en","category-news","entry"],"acf":[],"yoast_head":"<!-- This site is optimized with the Yoast SEO plugin v26.5 - https:\/\/yoast.com\/wordpress\/plugins\/seo\/ -->\n<title>The Foundation launches the Believe in her 2024 campaign - Fondation Lise Watier<\/title>\n<meta name=\"description\" content=\"For International Women\u2019s Day, the Lise Watier Foundation launches the 3nd edition of the Believe in her campaign\u00a0\" \/>\n<meta name=\"robots\" content=\"index, follow, max-snippet:-1, max-image-preview:large, max-video-preview:-1\" \/>\n<link rel=\"canonical\" href=\"https:\/\/fondationlisewatier.com\/la-fondation-lance-la-campagne-croire-en-elles-2024\/\" \/>\n<meta property=\"og:locale\" content=\"en_US\" \/>\n<meta property=\"og:type\" content=\"article\" \/>\n<meta property=\"og:title\" content=\"The Foundation launches the Believe in her 2024 campaign - Fondation Lise Watier\" \/>\n<meta property=\"og:description\" content=\"For International Women\u2019s Day, the Lise Watier Foundation launches the 3nd edition of the Believe in her campaign\u00a0\" \/>\n<meta property=\"og:url\" content=\"https:\/\/fondationlisewatier.com\/la-fondation-lance-la-campagne-croire-en-elles-2024\/\" \/>\n<meta property=\"og:site_name\" content=\"Fondation Lise Watier\" \/>\n<meta property=\"article:published_time\" content=\"2024-03-08T13:00:00+00:00\" \/>\n<meta property=\"og:image\" content=\"https:\/\/fondationlisewatier.com\/wp-content\/uploads\/2023\/01\/FLW-Heroe-ENG.jpg\" \/>\n\t<meta property=\"og:image:width\" content=\"1920\" \/>\n\t<meta property=\"og:image:height\" content=\"1080\" \/>\n\t<meta property=\"og:image:type\" content=\"image\/jpeg\" \/>\n<meta name=\"author\" content=\"pbparenteau\" \/>\n<meta name=\"twitter:card\" content=\"summary_large_image\" \/>\n<meta name=\"twitter:label1\" content=\"Written by\" \/>\n\t<meta name=\"twitter:data1\" content=\"pbparenteau\" \/>\n\t<meta name=\"twitter:label2\" content=\"Est. reading time\" \/>\n\t<meta name=\"twitter:data2\" content=\"4 minutes\" \/>\n<script type=\"application\/ld+json\" class=\"yoast-schema-graph\">{\"@context\":\"https:\/\/schema.org\",\"@graph\":[{\"@type\":\"Article\",\"@id\":\"https:\/\/fondationlisewatier.com\/la-fondation-lance-la-campagne-croire-en-elles-2024\/#article\",\"isPartOf\":{\"@id\":\"https:\/\/fondationlisewatier.com\/la-fondation-lance-la-campagne-croire-en-elles-2024\/\"},\"author\":{\"name\":\"pbparenteau\",\"@id\":\"https:\/\/fondationlisewatier.com\/#\/schema\/person\/c0f0d3d17f9e487a0cb50b12a94151f2\"},\"headline\":\"The Foundation launches the Believe in her 2024 campaign\",\"datePublished\":\"2024-03-08T13:00:00+00:00\",\"mainEntityOfPage\":{\"@id\":\"https:\/\/fondationlisewatier.com\/la-fondation-lance-la-campagne-croire-en-elles-2024\/\"},\"wordCount\":609,\"publisher\":{\"@id\":\"https:\/\/fondationlisewatier.com\/#organization\"},\"image\":{\"@id\":\"https:\/\/fondationlisewatier.com\/la-fondation-lance-la-campagne-croire-en-elles-2024\/#primaryimage\"},\"thumbnailUrl\":\"https:\/\/fondationlisewatier.com\/wp-content\/uploads\/2023\/01\/FLW-Heroe-ENG.jpg\",\"articleSection\":[\"Headlines\",\"News\"],\"inLanguage\":\"en-US\"},{\"@type\":\"WebPage\",\"@id\":\"https:\/\/fondationlisewatier.com\/la-fondation-lance-la-campagne-croire-en-elles-2024\/\",\"url\":\"https:\/\/fondationlisewatier.com\/la-fondation-lance-la-campagne-croire-en-elles-2024\/\",\"name\":\"The Foundation launches the Believe in her 2024 campaign - Fondation Lise Watier\",\"isPartOf\":{\"@id\":\"https:\/\/fondationlisewatier.com\/#website\"},\"primaryImageOfPage\":{\"@id\":\"https:\/\/fondationlisewatier.com\/la-fondation-lance-la-campagne-croire-en-elles-2024\/#primaryimage\"},\"image\":{\"@id\":\"https:\/\/fondationlisewatier.com\/la-fondation-lance-la-campagne-croire-en-elles-2024\/#primaryimage\"},\"thumbnailUrl\":\"https:\/\/fondationlisewatier.com\/wp-content\/uploads\/2023\/01\/FLW-Heroe-ENG.jpg\",\"datePublished\":\"2024-03-08T13:00:00+00:00\",\"description\":\"For International Women\u2019s Day, the Lise Watier Foundation launches the 3nd edition of the Believe in her campaign\u00a0\",\"breadcrumb\":{\"@id\":\"https:\/\/fondationlisewatier.com\/la-fondation-lance-la-campagne-croire-en-elles-2024\/#breadcrumb\"},\"inLanguage\":\"en-US\",\"potentialAction\":[{\"@type\":\"ReadAction\",\"target\":[\"https:\/\/fondationlisewatier.com\/la-fondation-lance-la-campagne-croire-en-elles-2024\/\"]}]},{\"@type\":\"ImageObject\",\"inLanguage\":\"en-US\",\"@id\":\"https:\/\/fondationlisewatier.com\/la-fondation-lance-la-campagne-croire-en-elles-2024\/#primaryimage\",\"url\":\"https:\/\/fondationlisewatier.com\/wp-content\/uploads\/2023\/01\/FLW-Heroe-ENG.jpg\",\"contentUrl\":\"https:\/\/fondationlisewatier.com\/wp-content\/uploads\/2023\/01\/FLW-Heroe-ENG.jpg\",\"width\":1920,\"height\":1080},{\"@type\":\"BreadcrumbList\",\"@id\":\"https:\/\/fondationlisewatier.com\/la-fondation-lance-la-campagne-croire-en-elles-2024\/#breadcrumb\",\"itemListElement\":[{\"@type\":\"ListItem\",\"position\":1,\"name\":\"Accueil\",\"item\":\"https:\/\/fondationlisewatier.com\/en\/\"},{\"@type\":\"ListItem\",\"position\":2,\"name\":\"The Foundation launches the Believe in her 2024 campaign\"}]},{\"@type\":\"WebSite\",\"@id\":\"https:\/\/fondationlisewatier.com\/#website\",\"url\":\"https:\/\/fondationlisewatier.com\/\",\"name\":\"Fondation Lise Watier\",\"description\":\"Organisme \u00e0 but non lucratif, la Fondation Lise Watier aide les femmes \u00e0 atteindre l\u2019ind\u00e9pendance financi\u00e8re.\",\"publisher\":{\"@id\":\"https:\/\/fondationlisewatier.com\/#organization\"},\"potentialAction\":[{\"@type\":\"SearchAction\",\"target\":{\"@type\":\"EntryPoint\",\"urlTemplate\":\"https:\/\/fondationlisewatier.com\/?s={search_term_string}\"},\"query-input\":{\"@type\":\"PropertyValueSpecification\",\"valueRequired\":true,\"valueName\":\"search_term_string\"}}],\"inLanguage\":\"en-US\"},{\"@type\":\"Organization\",\"@id\":\"https:\/\/fondationlisewatier.com\/#organization\",\"name\":\"Fondation Lise Watier\",\"url\":\"https:\/\/fondationlisewatier.com\/\",\"logo\":{\"@type\":\"ImageObject\",\"inLanguage\":\"en-US\",\"@id\":\"https:\/\/fondationlisewatier.com\/#\/schema\/logo\/image\/\",\"url\":\"https:\/\/fondationlisewatier.com\/wp-content\/uploads\/2021\/07\/LogoFLW_EN_2021.png\",\"contentUrl\":\"https:\/\/fondationlisewatier.com\/wp-content\/uploads\/2021\/07\/LogoFLW_EN_2021.png\",\"width\":1293,\"height\":342,\"caption\":\"Fondation Lise Watier\"},\"image\":{\"@id\":\"https:\/\/fondationlisewatier.com\/#\/schema\/logo\/image\/\"}},{\"@type\":\"Person\",\"@id\":\"https:\/\/fondationlisewatier.com\/#\/schema\/person\/c0f0d3d17f9e487a0cb50b12a94151f2\",\"name\":\"pbparenteau\",\"image\":{\"@type\":\"ImageObject\",\"inLanguage\":\"en-US\",\"@id\":\"https:\/\/fondationlisewatier.com\/#\/schema\/person\/image\/\",\"url\":\"https:\/\/secure.gravatar.com\/avatar\/c284095982241aa04f62732be175c2c317bd22af484817dac038231f433dbb9d?s=96&d=mm&r=g\",\"contentUrl\":\"https:\/\/secure.gravatar.com\/avatar\/c284095982241aa04f62732be175c2c317bd22af484817dac038231f433dbb9d?s=96&d=mm&r=g\",\"caption\":\"pbparenteau\"},\"url\":\"https:\/\/fondationlisewatier.com\/en\/author\/pbparenteau\/\"}]}<\/script>\n<!-- \/ Yoast SEO plugin. -->","yoast_head_json":{"title":"The Foundation launches the Believe in her 2024 campaign - Fondation Lise Watier","description":"For International Women\u2019s Day, the Lise Watier Foundation launches the 3nd edition of the Believe in her campaign\u00a0","robots":{"index":"index","follow":"follow","max-snippet":"max-snippet:-1","max-image-preview":"max-image-preview:large","max-video-preview":"max-video-preview:-1"},"canonical":"https:\/\/fondationlisewatier.com\/la-fondation-lance-la-campagne-croire-en-elles-2024\/","og_locale":"en_US","og_type":"article","og_title":"The Foundation launches the Believe in her 2024 campaign - Fondation Lise Watier","og_description":"For International Women\u2019s Day, the Lise Watier Foundation launches the 3nd edition of the Believe in her campaign\u00a0","og_url":"https:\/\/fondationlisewatier.com\/la-fondation-lance-la-campagne-croire-en-elles-2024\/","og_site_name":"Fondation Lise Watier","article_published_time":"2024-03-08T13:00:00+00:00","og_image":[{"width":1920,"height":1080,"url":"https:\/\/fondationlisewatier.com\/wp-content\/uploads\/2023\/01\/FLW-Heroe-ENG.jpg","type":"image\/jpeg"}],"author":"pbparenteau","twitter_card":"summary_large_image","twitter_misc":{"Written by":"pbparenteau","Est. reading time":"4 minutes"},"schema":{"@context":"https:\/\/schema.org","@graph":[{"@type":"Article","@id":"https:\/\/fondationlisewatier.com\/la-fondation-lance-la-campagne-croire-en-elles-2024\/#article","isPartOf":{"@id":"https:\/\/fondationlisewatier.com\/la-fondation-lance-la-campagne-croire-en-elles-2024\/"},"author":{"name":"pbparenteau","@id":"https:\/\/fondationlisewatier.com\/#\/schema\/person\/c0f0d3d17f9e487a0cb50b12a94151f2"},"headline":"The Foundation launches the Believe in her 2024 campaign","datePublished":"2024-03-08T13:00:00+00:00","mainEntityOfPage":{"@id":"https:\/\/fondationlisewatier.com\/la-fondation-lance-la-campagne-croire-en-elles-2024\/"},"wordCount":609,"publisher":{"@id":"https:\/\/fondationlisewatier.com\/#organization"},"image":{"@id":"https:\/\/fondationlisewatier.com\/la-fondation-lance-la-campagne-croire-en-elles-2024\/#primaryimage"},"thumbnailUrl":"https:\/\/fondationlisewatier.com\/wp-content\/uploads\/2023\/01\/FLW-Heroe-ENG.jpg","articleSection":["Headlines","News"],"inLanguage":"en-US"},{"@type":"WebPage","@id":"https:\/\/fondationlisewatier.com\/la-fondation-lance-la-campagne-croire-en-elles-2024\/","url":"https:\/\/fondationlisewatier.com\/la-fondation-lance-la-campagne-croire-en-elles-2024\/","name":"The Foundation launches the Believe in her 2024 campaign - Fondation Lise Watier","isPartOf":{"@id":"https:\/\/fondationlisewatier.com\/#website"},"primaryImageOfPage":{"@id":"https:\/\/fondationlisewatier.com\/la-fondation-lance-la-campagne-croire-en-elles-2024\/#primaryimage"},"image":{"@id":"https:\/\/fondationlisewatier.com\/la-fondation-lance-la-campagne-croire-en-elles-2024\/#primaryimage"},"thumbnailUrl":"https:\/\/fondationlisewatier.com\/wp-content\/uploads\/2023\/01\/FLW-Heroe-ENG.jpg","datePublished":"2024-03-08T13:00:00+00:00","description":"For International Women\u2019s Day, the Lise Watier Foundation launches the 3nd edition of the Believe in her campaign\u00a0","breadcrumb":{"@id":"https:\/\/fondationlisewatier.com\/la-fondation-lance-la-campagne-croire-en-elles-2024\/#breadcrumb"},"inLanguage":"en-US","potentialAction":[{"@type":"ReadAction","target":["https:\/\/fondationlisewatier.com\/la-fondation-lance-la-campagne-croire-en-elles-2024\/"]}]},{"@type":"ImageObject","inLanguage":"en-US","@id":"https:\/\/fondationlisewatier.com\/la-fondation-lance-la-campagne-croire-en-elles-2024\/#primaryimage","url":"https:\/\/fondationlisewatier.com\/wp-content\/uploads\/2023\/01\/FLW-Heroe-ENG.jpg","contentUrl":"https:\/\/fondationlisewatier.com\/wp-content\/uploads\/2023\/01\/FLW-Heroe-ENG.jpg","width":1920,"height":1080},{"@type":"BreadcrumbList","@id":"https:\/\/fondationlisewatier.com\/la-fondation-lance-la-campagne-croire-en-elles-2024\/#breadcrumb","itemListElement":[{"@type":"ListItem","position":1,"name":"Accueil","item":"https:\/\/fondationlisewatier.com\/en\/"},{"@type":"ListItem","position":2,"name":"The Foundation launches the Believe in her 2024 campaign"}]},{"@type":"WebSite","@id":"https:\/\/fondationlisewatier.com\/#website","url":"https:\/\/fondationlisewatier.com\/","name":"Fondation Lise Watier","description":"Organisme \u00e0 but non lucratif, la Fondation Lise Watier aide les femmes \u00e0 atteindre l\u2019ind\u00e9pendance financi\u00e8re.","publisher":{"@id":"https:\/\/fondationlisewatier.com\/#organization"},"potentialAction":[{"@type":"SearchAction","target":{"@type":"EntryPoint","urlTemplate":"https:\/\/fondationlisewatier.com\/?s={search_term_string}"},"query-input":{"@type":"PropertyValueSpecification","valueRequired":true,"valueName":"search_term_string"}}],"inLanguage":"en-US"},{"@type":"Organization","@id":"https:\/\/fondationlisewatier.com\/#organization","name":"Fondation Lise Watier","url":"https:\/\/fondationlisewatier.com\/","logo":{"@type":"ImageObject","inLanguage":"en-US","@id":"https:\/\/fondationlisewatier.com\/#\/schema\/logo\/image\/","url":"https:\/\/fondationlisewatier.com\/wp-content\/uploads\/2021\/07\/LogoFLW_EN_2021.png","contentUrl":"https:\/\/fondationlisewatier.com\/wp-content\/uploads\/2021\/07\/LogoFLW_EN_2021.png","width":1293,"height":342,"caption":"Fondation Lise Watier"},"image":{"@id":"https:\/\/fondationlisewatier.com\/#\/schema\/logo\/image\/"}},{"@type":"Person","@id":"https:\/\/fondationlisewatier.com\/#\/schema\/person\/c0f0d3d17f9e487a0cb50b12a94151f2","name":"pbparenteau","image":{"@type":"ImageObject","inLanguage":"en-US","@id":"https:\/\/fondationlisewatier.com\/#\/schema\/person\/image\/","url":"https:\/\/secure.gravatar.com\/avatar\/c284095982241aa04f62732be175c2c317bd22af484817dac038231f433dbb9d?s=96&d=mm&r=g","contentUrl":"https:\/\/secure.gravatar.com\/avatar\/c284095982241aa04f62732be175c2c317bd22af484817dac038231f433dbb9d?s=96&d=mm&r=g","caption":"pbparenteau"},"url":"https:\/\/fondationlisewatier.com\/en\/author\/pbparenteau\/"}]}},"featured_image_src":"https:\/\/fondationlisewatier.com\/wp-content\/uploads\/2023\/01\/FLW-Heroe-ENG-600x400.jpg","featured_image_src_square":"https:\/\/fondationlisewatier.com\/wp-content\/uploads\/2023\/01\/FLW-Heroe-ENG-600x600.jpg","author_info":{"display_name":"pbparenteau","author_link":"https:\/\/fondationlisewatier.com\/en\/author\/pbparenteau\/"},"_links":{"self":[{"href":"https:\/\/fondationlisewatier.com\/en\/wp-json\/wp\/v2\/posts\/7188","targetHints":{"allow":["GET"]}}],"collection":[{"href":"https:\/\/fondationlisewatier.com\/en\/wp-json\/wp\/v2\/posts"}],"about":[{"href":"https:\/\/fondationlisewatier.com\/en\/wp-json\/wp\/v2\/types\/post"}],"author":[{"embeddable":true,"href":"https:\/\/fondationlisewatier.com\/en\/wp-json\/wp\/v2\/users\/7"}],"replies":[{"embeddable":true,"href":"https:\/\/fondationlisewatier.com\/en\/wp-json\/wp\/v2\/comments?post=7188"}],"version-history":[{"count":0,"href":"https:\/\/fondationlisewatier.com\/en\/wp-json\/wp\/v2\/posts\/7188\/revisions"}],"wp:featuredmedia":[{"embeddable":true,"href":"https:\/\/fondationlisewatier.com\/en\/wp-json\/wp\/v2\/media\/4782"}],"wp:attachment":[{"href":"https:\/\/fondationlisewatier.com\/en\/wp-json\/wp\/v2\/media?parent=7188"}],"wp:term":[{"taxonomy":"category","embeddable":true,"href":"https:\/\/fondationlisewatier.com\/en\/wp-json\/wp\/v2\/categories?post=7188"},{"taxonomy":"post_tag","embeddable":true,"href":"https:\/\/fondationlisewatier.com\/en\/wp-json\/wp\/v2\/tags?post=7188"}],"curies":[{"name":"wp","href":"https:\/\/api.w.org\/{rel}","templated":true}]}}